{"id":4099,"date":"2025-08-14T14:52:40","date_gmt":"2025-08-14T12:52:40","guid":{"rendered":"https:\/\/vasterastaekwondo.se\/?p=4099"},"modified":"2025-08-14T14:52:40","modified_gmt":"2025-08-14T12:52:40","slug":"terminstart-ht2025","status":"publish","type":"post","link":"https:\/\/vasterastaekwondo.se\/?p=4099","title":{"rendered":"Terminstart HT2025"},"content":{"rendered":"\n<p>Hej,<br>Sommaren lider mot sitt slut vilket inneb\u00e4r att terminsstarten n\u00e4rmar sig.<br>Vi hoppas att alla har haft en sk\u00f6n sommar och \u00e4r redo f\u00f6r en h\u00f6st med rolig tr\u00e4ning och m\u00e5nga skratt.<br>Tr\u00e4ningarna kommer att dra i g\u00e5ng under vecka 34 f\u00f6r samtliga grupper. <\/p>\n\n\n\n<p>Titta g\u00e4rna lite extra d\u00e5 n\u00e5gra grupper har bytt tid och dag. Det har \u00e4ven g\u00e5tt ut ett mail till alla medlemmar med alla tider samt lite \u00f6vrig information inf\u00f6r h\u00f6stens termin.<\/p>\n\n\n\n<p><strong>Terminsstarter och tr\u00e4ningstider:<\/strong><br>Barn Basgrupp:<br>Terminstart: M\u00e5ndag 18\/8 kl.17:30-18:30<br>Tr\u00e4ningstider i h\u00f6st: M\u00e5ndag kl.17:30-18:30<br>Tr\u00e4nare: Linn\u00e9a, Tilde &amp; Maja<\/p>\n\n\n\n<p><br>Barn Nyb\u00f6rjare:<br>Terminstart: M\u00e5ndag 18\/8 kl.18:30-19:30<br>Tr\u00e4ningstider i h\u00f6st: M\u00e5ndag kl.18:30-19:30 samt Torsdag kl.17:30-18:30<br><mark style=\"background-color:rgba(0, 0, 0, 0);color:#cf2e2e\" class=\"has-inline-color\"><em>Notera att l\u00f6rdagspasset \u00e4r flyttat till m\u00e5ndagar.<\/em><\/mark><br>Tr\u00e4nare: Henrik, Kajsa<\/p>\n\n\n\n<p><br>Barn Forts\u00e4ttning:<br>Terminstart: S\u00f6ndag 24\/8 kl. 16:30 \u2013 17:30<br>Tr\u00e4ningstider i h\u00f6st: Tisdag 18:00-19:00 samt S\u00f6ndag kl.16:30-17:30<br><em><mark style=\"background-color:rgba(0, 0, 0, 0);color:#cf2e2e\" class=\"has-inline-color\">Notera ny tid p\u00e5 tisdagar.<\/mark><\/em><br>Tr\u00e4nare: Alicia &amp; Oliver<\/p>\n\n\n\n<p><br>Ungdom\/Vuxen:<br>Terminstart: Onsdag 20\/8 kl.18:00 \u2013 19:30<br>Tr\u00e4ningstider i h\u00f6st: Onsdag kl.18:00-19:30 samt S\u00f6ndag kl. 17:30-19:00<br>Tr\u00e4nare: Dana &amp; Michael<\/p>\n\n\n\n<p><br>Kamptr\u00e4ning:<br>Terminstart: Torsdag 21\/8 kl. 18:30-20:00<br>Tr\u00e4ningstider i h\u00f6st: Torsdag kl.18:30-20:00 samt L\u00f6rdag kl.10:30-12:00<br><em><mark style=\"background-color:rgba(0, 0, 0, 0);color:#cf2e2e\" class=\"has-inline-color\">Notera ny tid p\u00e5 l\u00f6rdagar.<\/mark><\/em><br>Tr\u00e4nare: Oliver &amp; Dana<\/p>\n\n\n\n<p><br>Poomsae:<br>Terminstart: Tisdag 19\/8 kl. 19:00-20:30<br>Tr\u00e4ningstider i h\u00f6st: Tisdag kl.19:00-20:30 samt S\u00f6ndag kl.13:00-16:00 (PTE)<br><em><mark style=\"background-color:rgba(0, 0, 0, 0);color:#cf2e2e\" class=\"has-inline-color\">Notera ny tid p\u00e5 tisdagar.<\/mark><\/em><br>Tr\u00e4nare: Michael &amp; Alicia<\/p>\n\n\n\n<p><br>Vid fr\u00e5gor kontakta oss via info@vasterastaekwondo.se<br>Mvh\/<br>Era tr\u00e4nare och styrelsen i V\u00e4ster\u00e5s Taekwondoklubb<\/p>\n","protected":false},"excerpt":{"rendered":"<p>Hej,Sommaren lider mot sitt slut vilket inneb\u00e4r att terminsstarten n\u00e4rmar sig.Vi hoppas att alla har haft en sk\u00f6n sommar och \u00e4r redo f\u00f6r en h\u00f6st med rolig tr\u00e4ning och m\u00e5nga skratt.Tr\u00e4ningarna kommer att dra i g\u00e5ng under vecka 34 f\u00f6r samtliga grupper. Titta g\u00e4rna lite extra d\u00e5 n\u00e5gra grupper har bytt tid och dag. Det [&hellip;]<\/p>\n","protected":false},"author":1,"featured_media":2071,"comment_status":"closed","ping_status":"open","sticky":false,"template":"","format":"standard","meta":{"site-sidebar-layout":"default","site-content-layout":"","ast-site-content-layout":"default","site-content-style":"default","site-sidebar-style":"default","ast-global-header-display":"","ast-banner-title-visibility":"","ast-main-header-display":"","ast-hfb-above-header-display":"","ast-hfb-below-header-display":"","ast-hfb-mobile-header-display":"","site-post-title":"","ast-breadcrumbs-content":"","ast-featured-img":"","footer-sml-layout":"","theme-transparent-header-meta":"","adv-header-id-meta":"","stick-header-meta":"","header-above-stick-meta":"","header-main-stick-meta":"","header-below-stick-meta":"","astra-migrate-meta-layouts":"set","ast-page-background-enabled":"default","ast-page-background-meta":{"desktop":{"background-color":"var(--ast-global-color-4)","background-image":"","background-repeat":"repeat","background-position":"center center","background-size":"auto","background-attachment":"scroll","background-type":"","background-media":"","overlay-type":"","overlay-color":"","overlay-gradient":""},"tablet":{"background-color":"","background-image":"","background-repeat":"repeat","background-position":"center center","background-size":"auto","background-attachment":"scroll","background-type":"","background-media":"","overlay-type":"","overlay-color":"","overlay-gradient":""},"mobile":{"background-color":"","background-image":"","background-repeat":"repeat","background-position":"center center","background-size":"auto","background-attachment":"scroll","background-type":"","background-media":"","overlay-type":"","overlay-color":"","overlay-gradient":""}},"ast-content-background-meta":{"desktop":{"background-color":"var(--ast-global-color-5)","background-image":"","background-repeat":"repeat","background-position":"center center","background-size":"auto","background-attachment":"scroll","background-type":"","background-media":"","overlay-type":"","overlay-color":"","overlay-gradient":""},"tablet":{"background-color":"var(--ast-global-color-5)","background-image":"","background-repeat":"repeat","background-position":"center center","background-size":"auto","background-attachment":"scroll","background-type":"","background-media":"","overlay-type":"","overlay-color":"","overlay-gradient":""},"mobile":{"background-color":"var(--ast-global-color-5)","background-image":"","background-repeat":"repeat","background-position":"center center","background-size":"auto","background-attachment":"scroll","background-type":"","background-media":"","overlay-type":"","overlay-color":"","overlay-gradient":""}},"footnotes":""},"categories":[1],"tags":[],"class_list":["post-4099","post","type-post","status-publish","format-standard","has-post-thumbnail","hentry","category-allmant"],"_links":{"self":[{"href":"https:\/\/vasterastaekwondo.se\/index.php?rest_route=\/wp\/v2\/posts\/4099","targetHints":{"allow":["GET"]}}],"collection":[{"href":"https:\/\/vasterastaekwondo.se\/index.php?rest_route=\/wp\/v2\/posts"}],"about":[{"href":"https:\/\/vasterastaekwondo.se\/index.php?rest_route=\/wp\/v2\/types\/post"}],"author":[{"embeddable":true,"href":"https:\/\/vasterastaekwondo.se\/index.php?rest_route=\/wp\/v2\/users\/1"}],"replies":[{"embeddable":true,"href":"https:\/\/vasterastaekwondo.se\/index.php?rest_route=%2Fwp%2Fv2%2Fcomments&post=4099"}],"version-history":[{"count":2,"href":"https:\/\/vasterastaekwondo.se\/index.php?rest_route=\/wp\/v2\/posts\/4099\/revisions"}],"predecessor-version":[{"id":4101,"href":"https:\/\/vasterastaekwondo.se\/index.php?rest_route=\/wp\/v2\/posts\/4099\/revisions\/4101"}],"wp:featuredmedia":[{"embeddable":true,"href":"https:\/\/vasterastaekwondo.se\/index.php?rest_route=\/wp\/v2\/media\/2071"}],"wp:attachment":[{"href":"https:\/\/vasterastaekwondo.se\/index.php?rest_route=%2Fwp%2Fv2%2Fmedia&parent=4099"}],"wp:term":[{"taxonomy":"category","embeddable":true,"href":"https:\/\/vasterastaekwondo.se\/index.php?rest_route=%2Fwp%2Fv2%2Fcategories&post=4099"},{"taxonomy":"post_tag","embeddable":true,"href":"https:\/\/vasterastaekwondo.se\/index.php?rest_route=%2Fwp%2Fv2%2Ftags&post=4099"}],"curies":[{"name":"wp","href":"https:\/\/api.w.org\/{rel}","templated":true}]}}