{"id":4048,"date":"2025-06-11T16:32:27","date_gmt":"2025-06-11T14:32:27","guid":{"rendered":"https:\/\/vasterastaekwondo.se\/?p=4048"},"modified":"2025-06-11T16:32:27","modified_gmt":"2025-06-11T14:32:27","slug":"terminsavslutning-vt2025","status":"publish","type":"post","link":"https:\/\/vasterastaekwondo.se\/?p=4048","title":{"rendered":"Terminsavslutning VT2025"},"content":{"rendered":"\n<p>Nu har samtliga grupper haft sina graderingar och v\u00e5rterminen \u00e4r d\u00e4rmed avslutad! (Ena barngruppen hade s\u00e5 pass kul att de inte ens fastnade p\u00e5 bild!)<\/p>\n\n\n\n<p>Styrelsen och tr\u00e4narna vill tacka alla medlemmar och f\u00f6r\u00e4ldrar f\u00f6r denna termin och hoppas att vi alla ses till h\u00f6sten. Information om terminsstart kommer n\u00e4r det n\u00e4rmar sig. <\/p>\n\n\n\n<p>Tills dess s\u00e5 \u00f6nskar vi alla en trevlig sommar med bad, glass, sol och allt annat som h\u00f6r sommaren till. <\/p>\n\n\n\n<figure class=\"wp-block-gallery has-nested-images columns-default is-cropped wp-block-gallery-1 is-layout-flex wp-block-gallery-is-layout-flex\">\n<figure class=\"wp-block-image size-large\"><img fetchpriority=\"high\" decoding=\"async\" width=\"768\" height=\"1024\" data-id=\"4054\" src=\"http:\/\/vasterastaekwondo.se\/wp-content\/uploads\/2025\/06\/504053043_1273156947732453_5536996912085700007_n-1-768x1024.jpg\" alt=\"\" class=\"wp-image-4054\" srcset=\"https:\/\/vasterastaekwondo.se\/wp-content\/uploads\/2025\/06\/504053043_1273156947732453_5536996912085700007_n-1-768x1024.jpg 768w, https:\/\/vasterastaekwondo.se\/wp-content\/uploads\/2025\/06\/504053043_1273156947732453_5536996912085700007_n-1-225x300.jpg 225w, https:\/\/vasterastaekwondo.se\/wp-content\/uploads\/2025\/06\/504053043_1273156947732453_5536996912085700007_n-1-1152x1536.jpg 1152w, https:\/\/vasterastaekwondo.se\/wp-content\/uploads\/2025\/06\/504053043_1273156947732453_5536996912085700007_n-1.jpg 1290w\" sizes=\"(max-width: 768px) 100vw, 768px\" \/><\/figure>\n\n\n\n<figure class=\"wp-block-image size-large\"><img decoding=\"async\" width=\"1024\" height=\"768\" data-id=\"4050\" src=\"http:\/\/vasterastaekwondo.se\/wp-content\/uploads\/2025\/06\/IMG_8903-1024x768.jpeg\" alt=\"\" class=\"wp-image-4050\" srcset=\"https:\/\/vasterastaekwondo.se\/wp-content\/uploads\/2025\/06\/IMG_8903-1024x768.jpeg 1024w, https:\/\/vasterastaekwondo.se\/wp-content\/uploads\/2025\/06\/IMG_8903-300x225.jpeg 300w, https:\/\/vasterastaekwondo.se\/wp-content\/uploads\/2025\/06\/IMG_8903-768x576.jpeg 768w, https:\/\/vasterastaekwondo.se\/wp-content\/uploads\/2025\/06\/IMG_8903-1536x1152.jpeg 1536w, https:\/\/vasterastaekwondo.se\/wp-content\/uploads\/2025\/06\/IMG_8903.jpeg 2048w\" sizes=\"(max-width: 1024px) 100vw, 1024px\" \/><\/figure>\n\n\n\n<figure class=\"wp-block-image size-large\"><img decoding=\"async\" width=\"1024\" height=\"768\" data-id=\"4053\" src=\"https:\/\/vasterastaekwondo.se\/wp-content\/uploads\/2025\/06\/IMG_8895-1024x768.jpeg\" alt=\"\" class=\"wp-image-4053\" srcset=\"https:\/\/vasterastaekwondo.se\/wp-content\/uploads\/2025\/06\/IMG_8895-1024x768.jpeg 1024w, https:\/\/vasterastaekwondo.se\/wp-content\/uploads\/2025\/06\/IMG_8895-300x225.jpeg 300w, https:\/\/vasterastaekwondo.se\/wp-content\/uploads\/2025\/06\/IMG_8895-768x576.jpeg 768w, https:\/\/vasterastaekwondo.se\/wp-content\/uploads\/2025\/06\/IMG_8895-1536x1152.jpeg 1536w, https:\/\/vasterastaekwondo.se\/wp-content\/uploads\/2025\/06\/IMG_8895.jpeg 2048w\" sizes=\"(max-width: 1024px) 100vw, 1024px\" \/><\/figure>\n\n\n\n<figure class=\"wp-block-image size-large\"><img loading=\"lazy\" decoding=\"async\" width=\"1536\" height=\"864\" data-id=\"4055\" src=\"https:\/\/vasterastaekwondo.se\/wp-content\/uploads\/2025\/06\/494577817_3696043190688156_2642052544132067337_n-edited.jpg\" alt=\"\" class=\"wp-image-4055\" srcset=\"https:\/\/vasterastaekwondo.se\/wp-content\/uploads\/2025\/06\/494577817_3696043190688156_2642052544132067337_n-edited.jpg 1536w, https:\/\/vasterastaekwondo.se\/wp-content\/uploads\/2025\/06\/494577817_3696043190688156_2642052544132067337_n-edited-300x169.jpg 300w, https:\/\/vasterastaekwondo.se\/wp-content\/uploads\/2025\/06\/494577817_3696043190688156_2642052544132067337_n-edited-1024x576.jpg 1024w, https:\/\/vasterastaekwondo.se\/wp-content\/uploads\/2025\/06\/494577817_3696043190688156_2642052544132067337_n-edited-768x432.jpg 768w\" sizes=\"(max-width: 1536px) 100vw, 1536px\" \/><\/figure>\n<\/figure>\n","protected":false},"excerpt":{"rendered":"<p>Nu har samtliga grupper haft sina graderingar och v\u00e5rterminen \u00e4r d\u00e4rmed avslutad! (Ena barngruppen hade s\u00e5 pass kul att de inte ens fastnade p\u00e5 bild!) Styrelsen och tr\u00e4narna vill tacka alla medlemmar och f\u00f6r\u00e4ldrar f\u00f6r denna termin och hoppas att vi alla ses till h\u00f6sten. Information om terminsstart kommer n\u00e4r det n\u00e4rmar sig. Tills dess [&hellip;]<\/p>\n","protected":false},"author":1,"featured_media":2071,"comment_status":"closed","ping_status":"open","sticky":false,"template":"","format":"standard","meta":{"site-sidebar-layout":"default","site-content-layout":"","ast-site-content-layout":"default","site-content-style":"default","site-sidebar-style":"default","ast-global-header-display":"","ast-banner-title-visibility":"","ast-main-header-display":"","ast-hfb-above-header-display":"","ast-hfb-below-header-display":"","ast-hfb-mobile-header-display":"","site-post-title":"","ast-breadcrumbs-content":"","ast-featured-img":"disabled","footer-sml-layout":"","theme-transparent-header-meta":"","adv-header-id-meta":"","stick-header-meta":"","header-above-stick-meta":"","header-main-stick-meta":"","header-below-stick-meta":"","astra-migrate-meta-layouts":"set","ast-page-background-enabled":"default","ast-page-background-meta":{"desktop":{"background-color":"var(--ast-global-color-4)","background-image":"","background-repeat":"repeat","background-position":"center center","background-size":"auto","background-attachment":"scroll","background-type":"","background-media":"","overlay-type":"","overlay-color":"","overlay-gradient":""},"tablet":{"background-color":"","background-image":"","background-repeat":"repeat","background-position":"center center","background-size":"auto","background-attachment":"scroll","background-type":"","background-media":"","overlay-type":"","overlay-color":"","overlay-gradient":""},"mobile":{"background-color":"","background-image":"","background-repeat":"repeat","background-position":"center center","background-size":"auto","background-attachment":"scroll","background-type":"","background-media":"","overlay-type":"","overlay-color":"","overlay-gradient":""}},"ast-content-background-meta":{"desktop":{"background-color":"var(--ast-global-color-5)","background-image":"","background-repeat":"repeat","background-position":"center center","background-size":"auto","background-attachment":"scroll","background-type":"","background-media":"","overlay-type":"","overlay-color":"","overlay-gradient":""},"tablet":{"background-color":"var(--ast-global-color-5)","background-image":"","background-repeat":"repeat","background-position":"center center","background-size":"auto","background-attachment":"scroll","background-type":"","background-media":"","overlay-type":"","overlay-color":"","overlay-gradient":""},"mobile":{"background-color":"var(--ast-global-color-5)","background-image":"","background-repeat":"repeat","background-position":"center center","background-size":"auto","background-attachment":"scroll","background-type":"","background-media":"","overlay-type":"","overlay-color":"","overlay-gradient":""}},"footnotes":""},"categories":[9],"tags":[],"class_list":["post-4048","post","type-post","status-publish","format-standard","has-post-thumbnail","hentry","category-gradering"],"_links":{"self":[{"href":"https:\/\/vasterastaekwondo.se\/index.php?rest_route=\/wp\/v2\/posts\/4048","targetHints":{"allow":["GET"]}}],"collection":[{"href":"https:\/\/vasterastaekwondo.se\/index.php?rest_route=\/wp\/v2\/posts"}],"about":[{"href":"https:\/\/vasterastaekwondo.se\/index.php?rest_route=\/wp\/v2\/types\/post"}],"author":[{"embeddable":true,"href":"https:\/\/vasterastaekwondo.se\/index.php?rest_route=\/wp\/v2\/users\/1"}],"replies":[{"embeddable":true,"href":"https:\/\/vasterastaekwondo.se\/index.php?rest_route=%2Fwp%2Fv2%2Fcomments&post=4048"}],"version-history":[{"count":1,"href":"https:\/\/vasterastaekwondo.se\/index.php?rest_route=\/wp\/v2\/posts\/4048\/revisions"}],"predecessor-version":[{"id":4056,"href":"https:\/\/vasterastaekwondo.se\/index.php?rest_route=\/wp\/v2\/posts\/4048\/revisions\/4056"}],"wp:featuredmedia":[{"embeddable":true,"href":"https:\/\/vasterastaekwondo.se\/index.php?rest_route=\/wp\/v2\/media\/2071"}],"wp:attachment":[{"href":"https:\/\/vasterastaekwondo.se\/index.php?rest_route=%2Fwp%2Fv2%2Fmedia&parent=4048"}],"wp:term":[{"taxonomy":"category","embeddable":true,"href":"https:\/\/vasterastaekwondo.se\/index.php?rest_route=%2Fwp%2Fv2%2Fcategories&post=4048"},{"taxonomy":"post_tag","embeddable":true,"href":"https:\/\/vasterastaekwondo.se\/index.php?rest_route=%2Fwp%2Fv2%2Ftags&post=4048"}],"curies":[{"name":"wp","href":"https:\/\/api.w.org\/{rel}","templated":true}]}}