{"id":3929,"date":"2025-04-04T11:55:32","date_gmt":"2025-04-04T09:55:32","guid":{"rendered":"https:\/\/vasterastaekwondo.se\/?p=3929"},"modified":"2025-04-04T12:20:31","modified_gmt":"2025-04-04T10:20:31","slug":"alicia-uttagen-till-poomsae-em","status":"publish","type":"post","link":"https:\/\/vasterastaekwondo.se\/?p=3929","title":{"rendered":"Alicia uttagen till Poomsae EM"},"content":{"rendered":"\n<figure class=\"wp-block-image size-full is-resized\"><img fetchpriority=\"high\" decoding=\"async\" width=\"893\" height=\"418\" src=\"http:\/\/vasterastaekwondo.se\/wp-content\/uploads\/2025\/04\/Poomsae_EM_2025.jpg\" alt=\"\" class=\"wp-image-3930\" style=\"width:346px;height:auto\" srcset=\"https:\/\/vasterastaekwondo.se\/wp-content\/uploads\/2025\/04\/Poomsae_EM_2025.jpg 893w, https:\/\/vasterastaekwondo.se\/wp-content\/uploads\/2025\/04\/Poomsae_EM_2025-300x140.jpg 300w, https:\/\/vasterastaekwondo.se\/wp-content\/uploads\/2025\/04\/Poomsae_EM_2025-768x359.jpg 768w\" sizes=\"(max-width: 893px) 100vw, 893px\" \/><\/figure>\n\n\n\n<p>Alicia \u00e4r uttagen att \u00e4nnu en g\u00e5ng f\u00e5 representera Sverige! <\/p>\n\n\n\n<p>Den h\u00e4r g\u00e5ngen i Tallinn d\u00e4r EM i Poomsae g\u00e5r av stapeln 16-17 april.<\/p>\n\n\n\n<figure class=\"wp-block-image size-full is-resized\"><img decoding=\"async\" width=\"519\" height=\"598\" src=\"http:\/\/vasterastaekwondo.se\/wp-content\/uploads\/2024\/08\/Skarmbild-2024-08-23-083435.png\" alt=\"\" class=\"wp-image-3336\" style=\"width:387px;height:auto\" srcset=\"https:\/\/vasterastaekwondo.se\/wp-content\/uploads\/2024\/08\/Skarmbild-2024-08-23-083435.png 519w, https:\/\/vasterastaekwondo.se\/wp-content\/uploads\/2024\/08\/Skarmbild-2024-08-23-083435-260x300.png 260w\" sizes=\"(max-width: 519px) 100vw, 519px\" \/><\/figure>\n\n\n\n<p>I Sveriges trupp f\u00e5r hon \u00e4ven med sig PTE kompisarna M\u00e5ns, Mille, Sander, Isabell och Therese.<\/p>\n\n\n\n<p>Stort lycka till!<\/p>\n","protected":false},"excerpt":{"rendered":"<p>Alicia \u00e4r uttagen att \u00e4nnu en g\u00e5ng f\u00e5 representera Sverige! Den h\u00e4r g\u00e5ngen i Tallinn d\u00e4r EM i Poomsae g\u00e5r av stapeln 16-17 april. I Sveriges trupp f\u00e5r hon \u00e4ven med sig PTE kompisarna M\u00e5ns, Mille, Sander, Isabell och Therese. Stort lycka till!<\/p>\n","protected":false},"author":1,"featured_media":3930,"comment_status":"closed","ping_status":"open","sticky":false,"template":"","format":"standard","meta":{"site-sidebar-layout":"default","site-content-layout":"","ast-site-content-layout":"default","site-content-style":"default","site-sidebar-style":"default","ast-global-header-display":"","ast-banner-title-visibility":"","ast-main-header-display":"","ast-hfb-above-header-display":"","ast-hfb-below-header-display":"","ast-hfb-mobile-header-display":"","site-post-title":"","ast-breadcrumbs-content":"","ast-featured-img":"disabled","footer-sml-layout":"","theme-transparent-header-meta":"","adv-header-id-meta":"","stick-header-meta":"","header-above-stick-meta":"","header-main-stick-meta":"","header-below-stick-meta":"","astra-migrate-meta-layouts":"set","ast-page-background-enabled":"default","ast-page-background-meta":{"desktop":{"background-color":"var(--ast-global-color-4)","background-image":"","background-repeat":"repeat","background-position":"center center","background-size":"auto","background-attachment":"scroll","background-type":"","background-media":"","overlay-type":"","overlay-color":"","overlay-gradient":""},"tablet":{"background-color":"","background-image":"","background-repeat":"repeat","background-position":"center center","background-size":"auto","background-attachment":"scroll","background-type":"","background-media":"","overlay-type":"","overlay-color":"","overlay-gradient":""},"mobile":{"background-color":"","background-image":"","background-repeat":"repeat","background-position":"center center","background-size":"auto","background-attachment":"scroll","background-type":"","background-media":"","overlay-type":"","overlay-color":"","overlay-gradient":""}},"ast-content-background-meta":{"desktop":{"background-color":"var(--ast-global-color-5)","background-image":"","background-repeat":"repeat","background-position":"center center","background-size":"auto","background-attachment":"scroll","background-type":"","background-media":"","overlay-type":"","overlay-color":"","overlay-gradient":""},"tablet":{"background-color":"var(--ast-global-color-5)","background-image":"","background-repeat":"repeat","background-position":"center center","background-size":"auto","background-attachment":"scroll","background-type":"","background-media":"","overlay-type":"","overlay-color":"","overlay-gradient":""},"mobile":{"background-color":"var(--ast-global-color-5)","background-image":"","background-repeat":"repeat","background-position":"center center","background-size":"auto","background-attachment":"scroll","background-type":"","background-media":"","overlay-type":"","overlay-color":"","overlay-gradient":""}},"footnotes":""},"categories":[14,8],"tags":[],"class_list":["post-3929","post","type-post","status-publish","format-standard","has-post-thumbnail","hentry","category-pte","category-tavling"],"_links":{"self":[{"href":"https:\/\/vasterastaekwondo.se\/index.php?rest_route=\/wp\/v2\/posts\/3929","targetHints":{"allow":["GET"]}}],"collection":[{"href":"https:\/\/vasterastaekwondo.se\/index.php?rest_route=\/wp\/v2\/posts"}],"about":[{"href":"https:\/\/vasterastaekwondo.se\/index.php?rest_route=\/wp\/v2\/types\/post"}],"author":[{"embeddable":true,"href":"https:\/\/vasterastaekwondo.se\/index.php?rest_route=\/wp\/v2\/users\/1"}],"replies":[{"embeddable":true,"href":"https:\/\/vasterastaekwondo.se\/index.php?rest_route=%2Fwp%2Fv2%2Fcomments&post=3929"}],"version-history":[{"count":2,"href":"https:\/\/vasterastaekwondo.se\/index.php?rest_route=\/wp\/v2\/posts\/3929\/revisions"}],"predecessor-version":[{"id":3934,"href":"https:\/\/vasterastaekwondo.se\/index.php?rest_route=\/wp\/v2\/posts\/3929\/revisions\/3934"}],"wp:featuredmedia":[{"embeddable":true,"href":"https:\/\/vasterastaekwondo.se\/index.php?rest_route=\/wp\/v2\/media\/3930"}],"wp:attachment":[{"href":"https:\/\/vasterastaekwondo.se\/index.php?rest_route=%2Fwp%2Fv2%2Fmedia&parent=3929"}],"wp:term":[{"taxonomy":"category","embeddable":true,"href":"https:\/\/vasterastaekwondo.se\/index.php?rest_route=%2Fwp%2Fv2%2Fcategories&post=3929"},{"taxonomy":"post_tag","embeddable":true,"href":"https:\/\/vasterastaekwondo.se\/index.php?rest_route=%2Fwp%2Fv2%2Ftags&post=3929"}],"curies":[{"name":"wp","href":"https:\/\/api.w.org\/{rel}","templated":true}]}}