{"id":3538,"date":"2024-12-06T08:07:15","date_gmt":"2024-12-06T07:07:15","guid":{"rendered":"https:\/\/vasterastaekwondo.se\/?p=3538"},"modified":"2025-04-04T12:21:38","modified_gmt":"2025-04-04T10:21:38","slug":"gradering-ht2024","status":"publish","type":"post","link":"https:\/\/vasterastaekwondo.se\/?p=3538","title":{"rendered":"Gradering HT2024"},"content":{"rendered":"\n<p>Hej!<br>Terminen lider mot sitt slut och det \u00e4r dags f\u00f6r gradering!<\/p>\n\n\n\n<p>Graderingsschemat ser ut enligt f\u00f6ljande:<\/p>\n\n\n\n<p><span style=\"text-decoration: underline;\"><strong>Barn 1 (Henrik &amp; Kajsa):<\/strong><\/span>  S\u00f6ndag 15\/12 Kl. 12.00<br><span style=\"text-decoration: underline;\"><strong>Barn 3 (Alicia &amp; Oliver): <\/strong><\/span>Tisdag 17\/12 Kl. 17.30<br><span style=\"text-decoration: underline;\"><strong>Ungdom\/Vuxen (Michael &amp; Dana):<\/strong><\/span> Onsdag 18\/12 Kl. 18.00  <em>OBS! En halvtimme tidigare \u00e4n ordinarie tr\u00e4ningstid<\/em>!<\/p>\n\n\n\n<p><span style=\"text-decoration: underline;\"><strong>Barn 2 (Tilda &amp; Thilda)<\/strong><\/span> &#8211; F\u00f6r den h\u00e4r gruppen s\u00e5 kommer graderingen ske i januari ist\u00e4llet. Detta f\u00f6r att ge barnen s\u00e5 bra f\u00f6ruts\u00e4ttningar som m\u00f6jligt.<\/p>\n\n\n\n<p>Om ni har n\u00e5gra fr\u00e5gor g\u00e4llande graderingen s\u00e5 prata med er respektive tr\u00e4nare.<\/p>\n\n\n\n<p>Mvh\/<br>V\u00e4ster\u00e5s Taekwondoklubb<\/p>\n\n\n\n<figure class=\"wp-block-image size-large\"><img fetchpriority=\"high\" decoding=\"async\" width=\"1024\" height=\"1024\" src=\"http:\/\/vasterastaekwondo.se\/wp-content\/uploads\/2023\/12\/gradering-1024x1024.jpg\" alt=\"\" class=\"wp-image-771\" srcset=\"https:\/\/vasterastaekwondo.se\/wp-content\/uploads\/2023\/12\/gradering-1024x1024.jpg 1024w, https:\/\/vasterastaekwondo.se\/wp-content\/uploads\/2023\/12\/gradering-300x300.jpg 300w, https:\/\/vasterastaekwondo.se\/wp-content\/uploads\/2023\/12\/gradering-150x150.jpg 150w, https:\/\/vasterastaekwondo.se\/wp-content\/uploads\/2023\/12\/gradering-768x768.jpg 768w, https:\/\/vasterastaekwondo.se\/wp-content\/uploads\/2023\/12\/gradering.jpg 1440w\" sizes=\"(max-width: 1024px) 100vw, 1024px\" \/><\/figure>\n","protected":false},"excerpt":{"rendered":"<p>Hej!Terminen lider mot sitt slut och det \u00e4r dags f\u00f6r gradering! Graderingsschemat ser ut enligt f\u00f6ljande: Barn 1 (Henrik &amp; Kajsa): S\u00f6ndag 15\/12 Kl. 12.00Barn 3 (Alicia &amp; Oliver): Tisdag 17\/12 Kl. 17.30Ungdom\/Vuxen (Michael &amp; Dana): Onsdag 18\/12 Kl. 18.00 OBS! En halvtimme tidigare \u00e4n ordinarie tr\u00e4ningstid! Barn 2 (Tilda &amp; Thilda) &#8211; F\u00f6r den [&hellip;]<\/p>\n","protected":false},"author":1,"featured_media":2071,"comment_status":"closed","ping_status":"open","sticky":false,"template":"","format":"standard","meta":{"site-sidebar-layout":"default","site-content-layout":"","ast-site-content-layout":"default","site-content-style":"default","site-sidebar-style":"default","ast-global-header-display":"","ast-banner-title-visibility":"","ast-main-header-display":"","ast-hfb-above-header-display":"","ast-hfb-below-header-display":"","ast-hfb-mobile-header-display":"","site-post-title":"","ast-breadcrumbs-content":"","ast-featured-img":"","footer-sml-layout":"","theme-transparent-header-meta":"","adv-header-id-meta":"","stick-header-meta":"","header-above-stick-meta":"","header-main-stick-meta":"","header-below-stick-meta":"","astra-migrate-meta-layouts":"set","ast-page-background-enabled":"default","ast-page-background-meta":{"desktop":{"background-color":"var(--ast-global-color-4)","background-image":"","background-repeat":"repeat","background-position":"center center","background-size":"auto","background-attachment":"scroll","background-type":"","background-media":"","overlay-type":"","overlay-color":"","overlay-gradient":""},"tablet":{"background-color":"","background-image":"","background-repeat":"repeat","background-position":"center center","background-size":"auto","background-attachment":"scroll","background-type":"","background-media":"","overlay-type":"","overlay-color":"","overlay-gradient":""},"mobile":{"background-color":"","background-image":"","background-repeat":"repeat","background-position":"center center","background-size":"auto","background-attachment":"scroll","background-type":"","background-media":"","overlay-type":"","overlay-color":"","overlay-gradient":""}},"ast-content-background-meta":{"desktop":{"background-color":"var(--ast-global-color-5)","background-image":"","background-repeat":"repeat","background-position":"center center","background-size":"auto","background-attachment":"scroll","background-type":"","background-media":"","overlay-type":"","overlay-color":"","overlay-gradient":""},"tablet":{"background-color":"var(--ast-global-color-5)","background-image":"","background-repeat":"repeat","background-position":"center center","background-size":"auto","background-attachment":"scroll","background-type":"","background-media":"","overlay-type":"","overlay-color":"","overlay-gradient":""},"mobile":{"background-color":"var(--ast-global-color-5)","background-image":"","background-repeat":"repeat","background-position":"center center","background-size":"auto","background-attachment":"scroll","background-type":"","background-media":"","overlay-type":"","overlay-color":"","overlay-gradient":""}},"footnotes":""},"categories":[9],"tags":[],"class_list":["post-3538","post","type-post","status-publish","format-standard","has-post-thumbnail","hentry","category-gradering"],"_links":{"self":[{"href":"https:\/\/vasterastaekwondo.se\/index.php?rest_route=\/wp\/v2\/posts\/3538","targetHints":{"allow":["GET"]}}],"collection":[{"href":"https:\/\/vasterastaekwondo.se\/index.php?rest_route=\/wp\/v2\/posts"}],"about":[{"href":"https:\/\/vasterastaekwondo.se\/index.php?rest_route=\/wp\/v2\/types\/post"}],"author":[{"embeddable":true,"href":"https:\/\/vasterastaekwondo.se\/index.php?rest_route=\/wp\/v2\/users\/1"}],"replies":[{"embeddable":true,"href":"https:\/\/vasterastaekwondo.se\/index.php?rest_route=%2Fwp%2Fv2%2Fcomments&post=3538"}],"version-history":[{"count":1,"href":"https:\/\/vasterastaekwondo.se\/index.php?rest_route=\/wp\/v2\/posts\/3538\/revisions"}],"predecessor-version":[{"id":3539,"href":"https:\/\/vasterastaekwondo.se\/index.php?rest_route=\/wp\/v2\/posts\/3538\/revisions\/3539"}],"wp:featuredmedia":[{"embeddable":true,"href":"https:\/\/vasterastaekwondo.se\/index.php?rest_route=\/wp\/v2\/media\/2071"}],"wp:attachment":[{"href":"https:\/\/vasterastaekwondo.se\/index.php?rest_route=%2Fwp%2Fv2%2Fmedia&parent=3538"}],"wp:term":[{"taxonomy":"category","embeddable":true,"href":"https:\/\/vasterastaekwondo.se\/index.php?rest_route=%2Fwp%2Fv2%2Fcategories&post=3538"},{"taxonomy":"post_tag","embeddable":true,"href":"https:\/\/vasterastaekwondo.se\/index.php?rest_route=%2Fwp%2Fv2%2Ftags&post=3538"}],"curies":[{"name":"wp","href":"https:\/\/api.w.org\/{rel}","templated":true}]}}